{"id":1003,"date":"2025-06-14T19:14:03","date_gmt":"2025-06-14T17:14:03","guid":{"rendered":"https:\/\/therapie-bienveillante-tbf.com\/?p=1003"},"modified":"2025-06-20T20:21:24","modified_gmt":"2025-06-20T18:21:24","slug":"anxiete-ou-deprime","status":"publish","type":"post","link":"https:\/\/therapie-bienveillante-tbf.com\/index.php\/2025\/06\/14\/anxiete-ou-deprime\/","title":{"rendered":"Anxi\u00e9t\u00e9 ou d\u00e9prime"},"content":{"rendered":"\n[et_pb_section fb_built=\u00a0\u00bb1&Prime; _builder_version=\u00a0\u00bb4.27.4&Prime; _module_preset=\u00a0\u00bbdefault\u00a0\u00bb background_color=\u00a0\u00bb#e2e2e2&Prime; global_colors_info=\u00a0\u00bb{}\u00a0\u00bb][et_pb_row column_structure=\u00a0\u00bb3_4,1_4&Prime; _builder_version=\u00a0\u00bb4.27.4&Prime; _module_preset=\u00a0\u00bbdefault\u00a0\u00bb global_colors_info=\u00a0\u00bb{}\u00a0\u00bb][et_pb_column type=\u00a0\u00bb3_4&Prime; _builder_version=\u00a0\u00bb4.27.4&Prime; _module_preset=\u00a0\u00bbdefault\u00a0\u00bb global_colors_info=\u00a0\u00bb{}\u00a0\u00bb][et_pb_text _builder_version=\u00a0\u00bb4.27.4&Prime; _module_preset=\u00a0\u00bbdefault\u00a0\u00bb hover_enabled=\u00a0\u00bb0&Prime; global_colors_info=\u00a0\u00bb{}\u00a0\u00bb sticky_enabled=\u00a0\u00bb0&Prime;]<p><span style=\"color: #993366;\">Anxi\u00e9t\u00e9\u00a0? Crise de panique\u00a0? Angoisse\u00a0? \u2026 Ou d\u00e9pression\u00a0?<\/span><\/p>\n<p><span style=\"color: #993366;\">Oppression du thorax\u00a0? Palpitation\u00a0? Boule \u00e0 l\u2019estomac\u00a0? Respiration rapide\u00a0? Insomnie\u00a0? Tensions\u00a0? Peurs au quotidien sans raison apparente\u00a0?<\/span><\/p>\n<p><span style=\"color: #993366;\">Ou autres ressentis d\u00e9sagr\u00e9ables voire insupportables\u00a0?<\/span><\/p>\n<p><span style=\"color: #993366;\">L&rsquo;anxi\u00e9t\u00e9 est un ressenti d&rsquo;inconfort ponctuel ou persistant, voire permanent, \u00e0 l&rsquo;intensit\u00e9 variable. Ce ressenti d&rsquo;inconfort est physique. Il est plus ou moins conscient selon son anciennet\u00e9.<\/span><\/p>\n<p><span style=\"color: #993366;\">\u00ab\u00a0D&rsquo;apr\u00e8s vous, quelle situation, quel v\u00e9cu, quelle exp\u00e9rience, a pu provoquer cela ?\u00a0\u00bb, si la r\u00e9ponse est \u00ab\u00a0je ne sais pas &#8211; je sens cela depuis tel moment ou depuis si longtemps, ou depuis toujours\u00a0; je ne comprends pas pourquoi&#8230;\u00a0\u00bb, ce ressenti est nomm\u00e9 \u00ab\u00a0anxi\u00e9t\u00e9\u00a0\u00bb<\/span><\/p>\n<p><span style=\"color: #993366;\">La particularit\u00e9 de l&rsquo;anxi\u00e9t\u00e9 est l&rsquo;absence apparente de cause.<\/span><\/p>\n<p><span style=\"color: #993366;\">Plus exactement la cause vous est inconnue\u00a0!<\/span><br \/><span style=\"color: #993366;\">Ou, peut-\u00eatre, vous la corr\u00e9lez \u00e0 des situations pr\u00e9sentes tout en convenant que c\u2019est disproportionn\u00e9 au contexte\u00a0?<\/span><\/p>\n<p><span style=\"color: #993366;\">La difficult\u00e9 r\u00e9side \u00e0 s\u2019en lib\u00e9rer r\u00e9side en cet aspect \u00ab\u00a0je ne sais pas d&rsquo;o\u00f9 \u00e7a vient\u00a0\u00bb ou je ne sais pas comment m\u2019apaiser\u2026<\/span><\/p>\n<p><span style=\"color: #993366;\">A ce constat peut ajouter le sentiment d&rsquo;impuissance\u00a0: c&rsquo;est \u00ab\u00a0double peine\u00a0\u00bb.<\/span><\/p>\n<p><span style=\"color: #993366;\">Et ce sentiment d\u2019impuissance peut provoquer de la tristesse voir de la col\u00e8re ou un complexe \u00ab\u00a0pourquoi suis-je si fragile\u00a0?\u00a0\u00bb<\/span><\/p>\n<p><span style=\"color: #993366;\">La bonne nouvelle est que c\u2019est possible de se lib\u00e9rer de cet inconfort, de cette souffrance\u00a0!<\/span><\/p>\n<p><span style=\"color: #993366;\">Pour s&rsquo;en lib\u00e9rer d&rsquo;une fa\u00e7on durable, il appara\u00eet logique de trouver la ou les causes de cet \u00e9tat \u00e9motionnel particulier.<\/span><\/p>\n<p><span style=\"color: #993366;\">Gr\u00e2ce \u00e0 mon protocole sp\u00e9cifique, je peux vous aider \u00e0 vous apaiser de fa\u00e7on durable.<\/span><\/p>\n<p><span style=\"color: #993366;\">Mon aide consiste \u00e0 d\u00e9crypter votre fonctionnement \u00e9motionnel\/psychique<\/span><\/p>\n<p><span style=\"color: #993366;\">Puis d\u2019\u00e9tablir d\u2019un plan d&rsquo;accompagnement pr\u00e9cis et m\u00e9thodique.<\/span><\/p>\n<p><span style=\"color: #993366;\">L\u2019efficacit\u00e9 de ce protocole tient aussi \u00e0 la pratique d\u2019une synergie de plusieurs approches psychoth\u00e9rapeutiques<\/span><\/p>\n<p><span style=\"color: #993366;\">La lib\u00e9ration de l&rsquo;anxi\u00e9t\u00e9 se fait en plusieurs s\u00e9ances, le nombre de s\u00e9ances d\u00e9pend du v\u00e9cu de la personne\u00a0: les sympt\u00f4mes sont souvent identiques pour tous, mais les causes sont diff\u00e9rentes pour chacun.<\/span><\/p>\n<p><span style=\"color: #993366;\">C&rsquo;est important de savoir que la lib\u00e9ration de l&rsquo;anxi\u00e9t\u00e9 n\u00e9cessite un accompagnement par un praticien professionnel.<\/span><\/p>\n<p><span style=\"color: #993366;\">Difficile de s\u2019en lib\u00e9rer seul.<\/span><\/p>\n<p><span style=\"color: #993366;\">Article \u00e9crit par Th\u00e9r\u00e8se Badonnel Ferry \u2013 Th\u00e9rapie.Bienveillante-TBF \u2013 Sp\u00e9cialiste de l&rsquo;apaisement des \u00e9motions difficiles, traumatiques et des blocages. En pr\u00e9sentiel ou en ligne. Protocole en Relation d&rsquo;aide \u00e0 Etre, associ\u00e9e \u00e0 la psycho-\u00e9nerg\u00e9tique avec l&rsquo; EFT \u2013 REMAP\u00ae \u2013 TAT\u00ae et TRI\u00ae (IFS\u00ae) &#8211; Formatrice de la m\u00e9thode REMAP\u00ae &#8211; Conf\u00e9rences \u2013 Ateliers \u2013 photo DEPOSITPHOTOS<\/span><\/p>[\/et_pb_text][\/et_pb_column][et_pb_column type=\u00a0\u00bb1_4&Prime; _builder_version=\u00a0\u00bb4.27.4&Prime; _module_preset=\u00a0\u00bbdefault\u00a0\u00bb global_colors_info=\u00a0\u00bb{}\u00a0\u00bb][et_pb_image src=\u00a0\u00bbhttps:\/\/therapie-bienveillante-tbf.com\/wp-content\/uploads\/2025\/05\/ANXIETE-Depositphotos-REDUIT&#8211;e1748704239657.jpg\u00a0\u00bb title_text=\u00a0\u00bbANXIETE Depositphotos REDUIT\u00a0\u00bb _builder_version=\u00a0\u00bb4.27.4&Prime; _module_preset=\u00a0\u00bbdefault\u00a0\u00bb global_colors_info=\u00a0\u00bb{}\u00a0\u00bb][\/et_pb_image][\/et_pb_column][\/et_pb_row][\/et_pb_section]\n","protected":false},"excerpt":{"rendered":"<p>Anxi\u00e9t\u00e9\u00a0? Crise de panique\u00a0? Angoisse\u00a0? \u2026 Ou d\u00e9pression\u00a0? Oppression du thorax\u00a0? Palpitation\u00a0? Boule \u00e0 l\u2019estomac\u00a0? Respiration rapide\u00a0? Insomnie\u00a0? Tensions\u00a0? Peurs au quotidien sans raison apparente\u00a0? Ou autres ressentis d\u00e9sagr\u00e9ables voire insupportables\u00a0? L&rsquo;anxi\u00e9t\u00e9 est un ressenti d&rsquo;inconfort ponctuel ou persistant, voire permanent, \u00e0 l&rsquo;intensit\u00e9 variable. Ce ressenti d&rsquo;inconfort est physique. Il est plus ou moins conscient [&hellip;]<\/p>\n","protected":false},"author":2,"featured_media":0,"comment_status":"closed","ping_status":"closed","sticky":false,"template":"","format":"standard","meta":{"_et_pb_use_builder":"on","_et_pb_old_content":"","_et_gb_content_width":"","footnotes":""},"categories":[1],"tags":[],"class_list":["post-1003","post","type-post","status-publish","format-standard","hentry","category-non-classe"],"yoast_head":"<!-- This site is optimized with the Yoast SEO plugin v27.5 - https:\/\/yoast.com\/product\/yoast-seo-wordpress\/ -->\n<title>Anxi\u00e9t\u00e9 ou d\u00e9prime - Th\u00e9rapie-Bienveillante-TBF<\/title>\n<meta name=\"robots\" content=\"index, follow, max-snippet:-1, max-image-preview:large, max-video-preview:-1\" \/>\n<link rel=\"canonical\" href=\"https:\/\/therapie-bienveillante-tbf.com\/index.php\/2025\/06\/14\/anxiete-ou-deprime\/\" \/>\n<meta property=\"og:locale\" content=\"fr_FR\" \/>\n<meta property=\"og:type\" content=\"article\" \/>\n<meta property=\"og:title\" content=\"Anxi\u00e9t\u00e9 ou d\u00e9prime - Th\u00e9rapie-Bienveillante-TBF\" \/>\n<meta property=\"og:description\" content=\"Anxi\u00e9t\u00e9\u00a0? Crise de panique\u00a0? Angoisse\u00a0? \u2026 Ou d\u00e9pression\u00a0? Oppression du thorax\u00a0? Palpitation\u00a0? Boule \u00e0 l\u2019estomac\u00a0? Respiration rapide\u00a0? Insomnie\u00a0? Tensions\u00a0? Peurs au quotidien sans raison apparente\u00a0? Ou autres ressentis d\u00e9sagr\u00e9ables voire insupportables\u00a0? L&#039;anxi\u00e9t\u00e9 est un ressenti d&#039;inconfort ponctuel ou persistant, voire permanent, \u00e0 l&#039;intensit\u00e9 variable. Ce ressenti d&#039;inconfort est physique. Il est plus ou moins conscient [&hellip;]\" \/>\n<meta property=\"og:url\" content=\"https:\/\/therapie-bienveillante-tbf.com\/index.php\/2025\/06\/14\/anxiete-ou-deprime\/\" \/>\n<meta property=\"og:site_name\" content=\"Th\u00e9rapie-Bienveillante-TBF\" \/>\n<meta property=\"article:publisher\" content=\"https:\/\/www.facebook.com\/Therapie.Bienveillante\/\" \/>\n<meta property=\"article:author\" content=\"https:\/\/www.facebook.com\/Therapie.Bienveillante\/\" \/>\n<meta property=\"article:published_time\" content=\"2025-06-14T17:14:03+00:00\" \/>\n<meta property=\"article:modified_time\" content=\"2025-06-20T18:21:24+00:00\" \/>\n<meta name=\"author\" content=\"Therese Badonnel\" \/>\n<meta name=\"twitter:card\" content=\"summary_large_image\" \/>\n<meta name=\"twitter:label1\" content=\"\u00c9crit par\" \/>\n\t<meta name=\"twitter:data1\" content=\"Therese Badonnel\" \/>\n\t<meta name=\"twitter:label2\" content=\"Dur\u00e9e de lecture estim\u00e9e\" \/>\n\t<meta name=\"twitter:data2\" content=\"3 minutes\" \/>\n<script type=\"application\/ld+json\" class=\"yoast-schema-graph\">{\"@context\":\"https:\\\/\\\/schema.org\",\"@graph\":[{\"@type\":\"Article\",\"@id\":\"https:\\\/\\\/therapie-bienveillante-tbf.com\\\/index.php\\\/2025\\\/06\\\/14\\\/anxiete-ou-deprime\\\/#article\",\"isPartOf\":{\"@id\":\"https:\\\/\\\/therapie-bienveillante-tbf.com\\\/index.php\\\/2025\\\/06\\\/14\\\/anxiete-ou-deprime\\\/\"},\"author\":{\"name\":\"Therese Badonnel\",\"@id\":\"https:\\\/\\\/therapie-bienveillante-tbf.com\\\/#\\\/schema\\\/person\\\/3d40a72b7a2bcf8db62d85b2103d7769\"},\"headline\":\"Anxi\u00e9t\u00e9 ou d\u00e9prime\",\"datePublished\":\"2025-06-14T17:14:03+00:00\",\"dateModified\":\"2025-06-20T18:21:24+00:00\",\"mainEntityOfPage\":{\"@id\":\"https:\\\/\\\/therapie-bienveillante-tbf.com\\\/index.php\\\/2025\\\/06\\\/14\\\/anxiete-ou-deprime\\\/\"},\"wordCount\":565,\"publisher\":{\"@id\":\"https:\\\/\\\/therapie-bienveillante-tbf.com\\\/#\\\/schema\\\/person\\\/3d40a72b7a2bcf8db62d85b2103d7769\"},\"inLanguage\":\"fr-FR\"},{\"@type\":\"WebPage\",\"@id\":\"https:\\\/\\\/therapie-bienveillante-tbf.com\\\/index.php\\\/2025\\\/06\\\/14\\\/anxiete-ou-deprime\\\/\",\"url\":\"https:\\\/\\\/therapie-bienveillante-tbf.com\\\/index.php\\\/2025\\\/06\\\/14\\\/anxiete-ou-deprime\\\/\",\"name\":\"Anxi\u00e9t\u00e9 ou d\u00e9prime - Th\u00e9rapie-Bienveillante-TBF\",\"isPartOf\":{\"@id\":\"https:\\\/\\\/therapie-bienveillante-tbf.com\\\/#website\"},\"datePublished\":\"2025-06-14T17:14:03+00:00\",\"dateModified\":\"2025-06-20T18:21:24+00:00\",\"breadcrumb\":{\"@id\":\"https:\\\/\\\/therapie-bienveillante-tbf.com\\\/index.php\\\/2025\\\/06\\\/14\\\/anxiete-ou-deprime\\\/#breadcrumb\"},\"inLanguage\":\"fr-FR\",\"potentialAction\":[{\"@type\":\"ReadAction\",\"target\":[\"https:\\\/\\\/therapie-bienveillante-tbf.com\\\/index.php\\\/2025\\\/06\\\/14\\\/anxiete-ou-deprime\\\/\"]}]},{\"@type\":\"BreadcrumbList\",\"@id\":\"https:\\\/\\\/therapie-bienveillante-tbf.com\\\/index.php\\\/2025\\\/06\\\/14\\\/anxiete-ou-deprime\\\/#breadcrumb\",\"itemListElement\":[{\"@type\":\"ListItem\",\"position\":1,\"name\":\"Accueil\",\"item\":\"https:\\\/\\\/therapie-bienveillante-tbf.com\\\/\"},{\"@type\":\"ListItem\",\"position\":2,\"name\":\"Anxi\u00e9t\u00e9 ou d\u00e9prime\"}]},{\"@type\":\"WebSite\",\"@id\":\"https:\\\/\\\/therapie-bienveillante-tbf.com\\\/#website\",\"url\":\"https:\\\/\\\/therapie-bienveillante-tbf.com\\\/\",\"name\":\"Th\u00e9rapie-Bienveillante-TBF\",\"description\":\"Th\u00e9r\u00e8se Badonnel Ferry\",\"publisher\":{\"@id\":\"https:\\\/\\\/therapie-bienveillante-tbf.com\\\/#\\\/schema\\\/person\\\/3d40a72b7a2bcf8db62d85b2103d7769\"},\"alternateName\":\"Th\u00e9r\u00e8se Badonnel Ferry\",\"potentialAction\":[{\"@type\":\"SearchAction\",\"target\":{\"@type\":\"EntryPoint\",\"urlTemplate\":\"https:\\\/\\\/therapie-bienveillante-tbf.com\\\/?s={search_term_string}\"},\"query-input\":{\"@type\":\"PropertyValueSpecification\",\"valueRequired\":true,\"valueName\":\"search_term_string\"}}],\"inLanguage\":\"fr-FR\"},{\"@type\":[\"Person\",\"Organization\"],\"@id\":\"https:\\\/\\\/therapie-bienveillante-tbf.com\\\/#\\\/schema\\\/person\\\/3d40a72b7a2bcf8db62d85b2103d7769\",\"name\":\"Therese Badonnel\",\"image\":{\"@type\":\"ImageObject\",\"inLanguage\":\"fr-FR\",\"@id\":\"https:\\\/\\\/therapie-bienveillante-tbf.com\\\/wp-content\\\/uploads\\\/2025\\\/05\\\/Depositphotos_678540150_L.jpg\",\"url\":\"https:\\\/\\\/therapie-bienveillante-tbf.com\\\/wp-content\\\/uploads\\\/2025\\\/05\\\/Depositphotos_678540150_L.jpg\",\"contentUrl\":\"https:\\\/\\\/therapie-bienveillante-tbf.com\\\/wp-content\\\/uploads\\\/2025\\\/05\\\/Depositphotos_678540150_L.jpg\",\"width\":2000,\"height\":1333,\"caption\":\"Therese Badonnel\"},\"logo\":{\"@id\":\"https:\\\/\\\/therapie-bienveillante-tbf.com\\\/wp-content\\\/uploads\\\/2025\\\/05\\\/Depositphotos_678540150_L.jpg\"},\"sameAs\":[\"http:\\\/\\\/therapie-bienveillante.tbf.com\",\"https:\\\/\\\/www.facebook.com\\\/Therapie.Bienveillante\\\/\",\"https:\\\/\\\/www.linkedin.com\\\/in\\\/thrse-badonnel-ferry-619bbb5a\\\/\"],\"url\":\"https:\\\/\\\/therapie-bienveillante-tbf.com\\\/index.php\\\/author\\\/johan99\\\/\"}]}<\/script>\n<!-- \/ Yoast SEO plugin. -->","yoast_head_json":{"title":"Anxi\u00e9t\u00e9 ou d\u00e9prime - Th\u00e9rapie-Bienveillante-TBF","robots":{"index":"index","follow":"follow","max-snippet":"max-snippet:-1","max-image-preview":"max-image-preview:large","max-video-preview":"max-video-preview:-1"},"canonical":"https:\/\/therapie-bienveillante-tbf.com\/index.php\/2025\/06\/14\/anxiete-ou-deprime\/","og_locale":"fr_FR","og_type":"article","og_title":"Anxi\u00e9t\u00e9 ou d\u00e9prime - Th\u00e9rapie-Bienveillante-TBF","og_description":"Anxi\u00e9t\u00e9\u00a0? Crise de panique\u00a0? Angoisse\u00a0? \u2026 Ou d\u00e9pression\u00a0? Oppression du thorax\u00a0? Palpitation\u00a0? Boule \u00e0 l\u2019estomac\u00a0? Respiration rapide\u00a0? Insomnie\u00a0? Tensions\u00a0? Peurs au quotidien sans raison apparente\u00a0? Ou autres ressentis d\u00e9sagr\u00e9ables voire insupportables\u00a0? L'anxi\u00e9t\u00e9 est un ressenti d'inconfort ponctuel ou persistant, voire permanent, \u00e0 l'intensit\u00e9 variable. Ce ressenti d'inconfort est physique. Il est plus ou moins conscient [&hellip;]","og_url":"https:\/\/therapie-bienveillante-tbf.com\/index.php\/2025\/06\/14\/anxiete-ou-deprime\/","og_site_name":"Th\u00e9rapie-Bienveillante-TBF","article_publisher":"https:\/\/www.facebook.com\/Therapie.Bienveillante\/","article_author":"https:\/\/www.facebook.com\/Therapie.Bienveillante\/","article_published_time":"2025-06-14T17:14:03+00:00","article_modified_time":"2025-06-20T18:21:24+00:00","author":"Therese Badonnel","twitter_card":"summary_large_image","twitter_misc":{"\u00c9crit par":"Therese Badonnel","Dur\u00e9e de lecture estim\u00e9e":"3 minutes"},"schema":{"@context":"https:\/\/schema.org","@graph":[{"@type":"Article","@id":"https:\/\/therapie-bienveillante-tbf.com\/index.php\/2025\/06\/14\/anxiete-ou-deprime\/#article","isPartOf":{"@id":"https:\/\/therapie-bienveillante-tbf.com\/index.php\/2025\/06\/14\/anxiete-ou-deprime\/"},"author":{"name":"Therese Badonnel","@id":"https:\/\/therapie-bienveillante-tbf.com\/#\/schema\/person\/3d40a72b7a2bcf8db62d85b2103d7769"},"headline":"Anxi\u00e9t\u00e9 ou d\u00e9prime","datePublished":"2025-06-14T17:14:03+00:00","dateModified":"2025-06-20T18:21:24+00:00","mainEntityOfPage":{"@id":"https:\/\/therapie-bienveillante-tbf.com\/index.php\/2025\/06\/14\/anxiete-ou-deprime\/"},"wordCount":565,"publisher":{"@id":"https:\/\/therapie-bienveillante-tbf.com\/#\/schema\/person\/3d40a72b7a2bcf8db62d85b2103d7769"},"inLanguage":"fr-FR"},{"@type":"WebPage","@id":"https:\/\/therapie-bienveillante-tbf.com\/index.php\/2025\/06\/14\/anxiete-ou-deprime\/","url":"https:\/\/therapie-bienveillante-tbf.com\/index.php\/2025\/06\/14\/anxiete-ou-deprime\/","name":"Anxi\u00e9t\u00e9 ou d\u00e9prime - Th\u00e9rapie-Bienveillante-TBF","isPartOf":{"@id":"https:\/\/therapie-bienveillante-tbf.com\/#website"},"datePublished":"2025-06-14T17:14:03+00:00","dateModified":"2025-06-20T18:21:24+00:00","breadcrumb":{"@id":"https:\/\/therapie-bienveillante-tbf.com\/index.php\/2025\/06\/14\/anxiete-ou-deprime\/#breadcrumb"},"inLanguage":"fr-FR","potentialAction":[{"@type":"ReadAction","target":["https:\/\/therapie-bienveillante-tbf.com\/index.php\/2025\/06\/14\/anxiete-ou-deprime\/"]}]},{"@type":"BreadcrumbList","@id":"https:\/\/therapie-bienveillante-tbf.com\/index.php\/2025\/06\/14\/anxiete-ou-deprime\/#breadcrumb","itemListElement":[{"@type":"ListItem","position":1,"name":"Accueil","item":"https:\/\/therapie-bienveillante-tbf.com\/"},{"@type":"ListItem","position":2,"name":"Anxi\u00e9t\u00e9 ou d\u00e9prime"}]},{"@type":"WebSite","@id":"https:\/\/therapie-bienveillante-tbf.com\/#website","url":"https:\/\/therapie-bienveillante-tbf.com\/","name":"Th\u00e9rapie-Bienveillante-TBF","description":"Th\u00e9r\u00e8se Badonnel Ferry","publisher":{"@id":"https:\/\/therapie-bienveillante-tbf.com\/#\/schema\/person\/3d40a72b7a2bcf8db62d85b2103d7769"},"alternateName":"Th\u00e9r\u00e8se Badonnel Ferry","potentialAction":[{"@type":"SearchAction","target":{"@type":"EntryPoint","urlTemplate":"https:\/\/therapie-bienveillante-tbf.com\/?s={search_term_string}"},"query-input":{"@type":"PropertyValueSpecification","valueRequired":true,"valueName":"search_term_string"}}],"inLanguage":"fr-FR"},{"@type":["Person","Organization"],"@id":"https:\/\/therapie-bienveillante-tbf.com\/#\/schema\/person\/3d40a72b7a2bcf8db62d85b2103d7769","name":"Therese Badonnel","image":{"@type":"ImageObject","inLanguage":"fr-FR","@id":"https:\/\/therapie-bienveillante-tbf.com\/wp-content\/uploads\/2025\/05\/Depositphotos_678540150_L.jpg","url":"https:\/\/therapie-bienveillante-tbf.com\/wp-content\/uploads\/2025\/05\/Depositphotos_678540150_L.jpg","contentUrl":"https:\/\/therapie-bienveillante-tbf.com\/wp-content\/uploads\/2025\/05\/Depositphotos_678540150_L.jpg","width":2000,"height":1333,"caption":"Therese Badonnel"},"logo":{"@id":"https:\/\/therapie-bienveillante-tbf.com\/wp-content\/uploads\/2025\/05\/Depositphotos_678540150_L.jpg"},"sameAs":["http:\/\/therapie-bienveillante.tbf.com","https:\/\/www.facebook.com\/Therapie.Bienveillante\/","https:\/\/www.linkedin.com\/in\/thrse-badonnel-ferry-619bbb5a\/"],"url":"https:\/\/therapie-bienveillante-tbf.com\/index.php\/author\/johan99\/"}]}},"_links":{"self":[{"href":"https:\/\/therapie-bienveillante-tbf.com\/index.php\/wp-json\/wp\/v2\/posts\/1003","targetHints":{"allow":["GET"]}}],"collection":[{"href":"https:\/\/therapie-bienveillante-tbf.com\/index.php\/wp-json\/wp\/v2\/posts"}],"about":[{"href":"https:\/\/therapie-bienveillante-tbf.com\/index.php\/wp-json\/wp\/v2\/types\/post"}],"author":[{"embeddable":true,"href":"https:\/\/therapie-bienveillante-tbf.com\/index.php\/wp-json\/wp\/v2\/users\/2"}],"replies":[{"embeddable":true,"href":"https:\/\/therapie-bienveillante-tbf.com\/index.php\/wp-json\/wp\/v2\/comments?post=1003"}],"version-history":[{"count":7,"href":"https:\/\/therapie-bienveillante-tbf.com\/index.php\/wp-json\/wp\/v2\/posts\/1003\/revisions"}],"predecessor-version":[{"id":1417,"href":"https:\/\/therapie-bienveillante-tbf.com\/index.php\/wp-json\/wp\/v2\/posts\/1003\/revisions\/1417"}],"wp:attachment":[{"href":"https:\/\/therapie-bienveillante-tbf.com\/index.php\/wp-json\/wp\/v2\/media?parent=1003"}],"wp:term":[{"taxonomy":"category","embeddable":true,"href":"https:\/\/therapie-bienveillante-tbf.com\/index.php\/wp-json\/wp\/v2\/categories?post=1003"},{"taxonomy":"post_tag","embeddable":true,"href":"https:\/\/therapie-bienveillante-tbf.com\/index.php\/wp-json\/wp\/v2\/tags?post=1003"}],"curies":[{"name":"wp","href":"https:\/\/api.w.org\/{rel}","templated":true}]}}